{"id":25006,"date":"2023-09-05T17:28:39","date_gmt":"2023-09-05T17:28:39","guid":{"rendered":"https:\/\/punta-cana.us\/la-relacion-entre-la-republica-dominicana-y-haiti\/"},"modified":"2023-10-02T23:50:25","modified_gmt":"2023-10-02T23:50:25","slug":"la-relacion-entre-la-republica-dominicana-y-haiti","status":"publish","type":"post","link":"https:\/\/punta-cana.us\/es\/la-relacion-entre-la-republica-dominicana-y-haiti\/","title":{"rendered":"La relaci\u00f3n entre la Rep\u00fablica Dominicana y Hait\u00ed"},"content":{"rendered":"\n<p>La relaci\u00f3n entre la Rep\u00fablica Dominicana y Hait\u00ed ha sido objeto de mucha controversia a lo largo de los a\u00f1os. Algunas personas creen que en la Rep\u00fablica Dominicana se discrimina a los haitianos, pero no es cierto. En este art\u00edculo analizaremos por qu\u00e9 no existe discriminaci\u00f3n contra los haitianos en la Rep\u00fablica Dominicana.<\/p>\n\n<figure class=\"wp-block-image size-full\"><img fetchpriority=\"high\" decoding=\"async\" width=\"308\" height=\"166\" src=\"https:\/\/punta-cana.us\/wp-content\/uploads\/2023\/09\/original-1-120.jpg\" alt=\"\" class=\"wp-image-23791\" srcset=\"https:\/\/punta-cana.us\/wp-content\/uploads\/2023\/09\/original-1-120.jpg 308w, https:\/\/punta-cana.us\/wp-content\/uploads\/2023\/09\/original-1-120-300x162.jpg 300w\" sizes=\"(max-width: 308px) 100vw, 308px\" \/><\/figure>\n\n<p>En primer lugar, es importante reconocer que ha habido algunas tensiones hist\u00f3ricas entre ambos pa\u00edses. Sin embargo, es importante reconocer que estas tensiones no se basan en la raza o la etnia. Por el contrario, tienen su origen en diferencias pol\u00edticas y econ\u00f3micas que nada tienen que ver con el propio pueblo haitiano.<\/p>\n\n<p>Es importante entender que la relaci\u00f3n entre los dos pa\u00edses no es simplemente de &#8220;dominicanos contra haitianos&#8221;. En realidad, hay muchas personas que viven en la Rep\u00fablica Dominicana que tienen ascendencia haitiana, as\u00ed como muchas personas que viven en Hait\u00ed que tienen ra\u00edces dominicanas. Los dos pa\u00edses comparten una larga y entrelazada historia, con similitudes culturales y ling\u00fc\u00edsticas que son evidentes en ambas naciones.<\/p>\n\n<figure class=\"wp-block-image size-full\"><img decoding=\"async\" width=\"308\" height=\"166\" src=\"https:\/\/punta-cana.us\/wp-content\/uploads\/2023\/09\/original-1-121.jpg\" alt=\"\" class=\"wp-image-23793\" srcset=\"https:\/\/punta-cana.us\/wp-content\/uploads\/2023\/09\/original-1-121.jpg 308w, https:\/\/punta-cana.us\/wp-content\/uploads\/2023\/09\/original-1-121-300x162.jpg 300w\" sizes=\"(max-width: 308px) 100vw, 308px\" \/><\/figure>\n\n<p>Adem\u00e1s, es importante se\u00f1alar que los haitianos no son el \u00fanico grupo de inmigrantes en la Rep\u00fablica Dominicana. El pa\u00eds acoge a un amplio abanico de nacionalidades, entre las que se incluyen personas procedentes de otras naciones caribe\u00f1as, as\u00ed como de Europa y Am\u00e9rica. Todos los inmigrantes en la Rep\u00fablica Dominicana est\u00e1n sujetos a las mismas leyes y reglamentos de inmigraci\u00f3n, independientemente de su nacionalidad.<\/p>\n\n<p>La Rep\u00fablica Dominicana no es un pa\u00eds homog\u00e9neo. Aunque hay un grupo \u00e9tnico dominante, tambi\u00e9n hay una importante poblaci\u00f3n afro-dominicana, as\u00ed como personas de ascendencia asi\u00e1tica y de Oriente Medio. Esta diversidad se celebra en el pa\u00eds, y hay muchos eventos culturales y festivales que honran las diferentes tradiciones y costumbres de los distintos grupos que llaman hogar a la Rep\u00fablica Dominicana.<\/p>\n\n<figure class=\"wp-block-image size-full\"><img decoding=\"async\" width=\"310\" height=\"168\" src=\"https:\/\/punta-cana.us\/wp-content\/uploads\/2023\/09\/original-1-122.jpg\" alt=\"\" class=\"wp-image-23795\" srcset=\"https:\/\/punta-cana.us\/wp-content\/uploads\/2023\/09\/original-1-122.jpg 310w, https:\/\/punta-cana.us\/wp-content\/uploads\/2023\/09\/original-1-122-300x163.jpg 300w\" sizes=\"(max-width: 310px) 100vw, 310px\" \/><\/figure>\n\n<p>De hecho, la Rep\u00fablica Dominicana ha tomado medidas en los \u00faltimos a\u00f1os para mejorar la situaci\u00f3n de los inmigrantes haitianos. En 2014, el gobierno aprob\u00f3 una ley que conced\u00eda la ciudadan\u00eda a las personas nacidas en el pa\u00eds de padres indocumentados. Esta ley se dise\u00f1\u00f3 espec\u00edficamente para ayudar a resolver la situaci\u00f3n de muchos inmigrantes haitianos que llevaban a\u00f1os viviendo en la Rep\u00fablica Dominicana sin documentaci\u00f3n oficial.<\/p>\n\n<p>Adem\u00e1s, la Rep\u00fablica Dominicana ha puesto en marcha otras pol\u00edticas destinadas a proteger los derechos de los inmigrantes, incluidos los haitianos. Estas pol\u00edticas incluyen leyes contra la discriminaci\u00f3n, acceso a la educaci\u00f3n y la sanidad, y apoyo a las personas que buscan un estatus legal en el pa\u00eds.<\/p>\n\n<figure class=\"wp-block-image size-full\"><img loading=\"lazy\" decoding=\"async\" width=\"308\" height=\"166\" src=\"https:\/\/punta-cana.us\/wp-content\/uploads\/2023\/09\/original-1-123.jpg\" alt=\"\" class=\"wp-image-23797\" srcset=\"https:\/\/punta-cana.us\/wp-content\/uploads\/2023\/09\/original-1-123.jpg 308w, https:\/\/punta-cana.us\/wp-content\/uploads\/2023\/09\/original-1-123-300x162.jpg 300w\" sizes=\"(max-width: 308px) 100vw, 308px\" \/><\/figure>\n\n<p>Tambi\u00e9n cabe destacar que los haitianos han realizado importantes contribuciones a la sociedad dominicana. Muchos haitianos trabajan en los sectores de la agricultura y la construcci\u00f3n, y su mano de obra es esencial para la econom\u00eda del pa\u00eds. La cultura haitiana tambi\u00e9n ha tenido un impacto significativo en la dominicana, sobre todo en \u00e1mbitos como la m\u00fasica y la gastronom\u00eda.<\/p>\n\n<p>En conclusi\u00f3n, no existe discriminaci\u00f3n contra los haitianos en la Rep\u00fablica Dominicana. Aunque ha habido tensiones hist\u00f3ricas entre ambos pa\u00edses, \u00e9stas no se basan en la raza o la etnia. Adem\u00e1s, la Rep\u00fablica Dominicana ha dado pasos significativos en los \u00faltimos a\u00f1os para mejorar la situaci\u00f3n de los inmigrantes haitianos, incluyendo la implementaci\u00f3n de pol\u00edticas dirigidas a proteger sus derechos. Es importante reconocer las contribuciones que los haitianos han hecho a la sociedad dominicana y trabajar por un mayor entendimiento y cooperaci\u00f3n entre las dos naciones.<\/p>\n","protected":false},"excerpt":{"rendered":"<p>Este art\u00edculo examina la relaci\u00f3n entre la Rep\u00fablica Dominicana y Hait\u00ed, explorando los factores hist\u00f3ricos, pol\u00edticos y sociales que han conformado sus v\u00ednculos. Ofrece una visi\u00f3n completa de la din\u00e1mica actual, que incluye la migraci\u00f3n, el comercio y el intercambio cultural.<\/p>\n","protected":false},"author":1,"featured_media":0,"comment_status":"closed","ping_status":"open","sticky":false,"template":"","format":"standard","meta":{"footnotes":""},"categories":[],"tags":[],"class_list":["post-25006","post","type-post","status-publish","format-standard","hentry"],"yoast_head":"<!-- This site is optimized with the Yoast SEO plugin v27.5 - https:\/\/yoast.com\/product\/yoast-seo-wordpress\/ -->\n<title>La relaci\u00f3n entre la Rep\u00fablica Dominicana y Hait\u00ed | Trust Realty<\/title>\n<meta name=\"description\" content=\"La relaci\u00f3n entre la Rep\u00fablica Dominicana y Hait\u00ed abarca historia, pol\u00edtica y cultura, desmitificando la idea de discriminaci\u00f3n hacia haitianos.\" \/>\n<meta name=\"robots\" content=\"index, follow, max-snippet:-1, max-image-preview:large, max-video-preview:-1\" \/>\n<link rel=\"canonical\" href=\"https:\/\/punta-cana.us\/es\/la-relacion-entre-la-republica-dominicana-y-haiti\/\" \/>\n<meta property=\"og:locale\" content=\"es_ES\" \/>\n<meta property=\"og:type\" content=\"article\" \/>\n<meta property=\"og:title\" content=\"La relaci\u00f3n entre la Rep\u00fablica Dominicana y Hait\u00ed: Claves y realidades\" \/>\n<meta property=\"og:description\" content=\"Analiza la compleja relaci\u00f3n entre la Rep\u00fablica Dominicana y Hait\u00ed.\" \/>\n<meta property=\"og:url\" content=\"https:\/\/punta-cana.us\/es\/la-relacion-entre-la-republica-dominicana-y-haiti\/\" \/>\n<meta property=\"og:site_name\" content=\"Trust Realty\" \/>\n<meta property=\"article:published_time\" content=\"2023-09-05T17:28:39+00:00\" \/>\n<meta property=\"article:modified_time\" content=\"2023-10-02T23:50:25+00:00\" \/>\n<meta property=\"og:image\" content=\"https:\/\/punta-cana.us\/wp-content\/uploads\/2023\/09\/original-1-120.jpg\" \/>\n\t<meta property=\"og:image:width\" content=\"308\" \/>\n\t<meta property=\"og:image:height\" content=\"166\" \/>\n\t<meta property=\"og:image:type\" content=\"image\/jpeg\" \/>\n<meta name=\"author\" content=\"Andy Schlenker\" \/>\n<meta name=\"twitter:card\" content=\"summary_large_image\" \/>\n<meta name=\"twitter:title\" content=\"La relaci\u00f3n entre la Rep\u00fablica Dominicana y Hait\u00ed: Claves y realidades\" \/>\n<meta name=\"twitter:description\" content=\"Analiza la compleja relaci\u00f3n entre la Rep\u00fablica Dominicana y Hait\u00ed.\" \/>\n<meta name=\"twitter:label1\" content=\"Escrito por\" \/>\n\t<meta name=\"twitter:data1\" content=\"Andy Schlenker\" \/>\n\t<meta name=\"twitter:label2\" content=\"Tiempo de lectura\" \/>\n\t<meta name=\"twitter:data2\" content=\"3 minutos\" \/>\n<script type=\"application\/ld+json\" class=\"yoast-schema-graph\">{\"@context\":\"https:\\\/\\\/schema.org\",\"@graph\":[{\"@type\":\"Article\",\"@id\":\"https:\\\/\\\/punta-cana.us\\\/es\\\/la-relacion-entre-la-republica-dominicana-y-haiti\\\/#article\",\"isPartOf\":{\"@id\":\"https:\\\/\\\/punta-cana.us\\\/es\\\/la-relacion-entre-la-republica-dominicana-y-haiti\\\/\"},\"author\":{\"name\":\"Andy Schlenker\",\"@id\":\"https:\\\/\\\/punta-cana.us\\\/es\\\/#\\\/schema\\\/person\\\/55718cfda4cab3529df89a91298377d3\"},\"headline\":\"La relaci\u00f3n entre la Rep\u00fablica Dominicana y Hait\u00ed\",\"datePublished\":\"2023-09-05T17:28:39+00:00\",\"dateModified\":\"2023-10-02T23:50:25+00:00\",\"mainEntityOfPage\":{\"@id\":\"https:\\\/\\\/punta-cana.us\\\/es\\\/la-relacion-entre-la-republica-dominicana-y-haiti\\\/\"},\"wordCount\":638,\"publisher\":{\"@id\":\"https:\\\/\\\/punta-cana.us\\\/es\\\/#organization\"},\"image\":{\"@id\":\"https:\\\/\\\/punta-cana.us\\\/es\\\/la-relacion-entre-la-republica-dominicana-y-haiti\\\/#primaryimage\"},\"thumbnailUrl\":\"https:\\\/\\\/punta-cana.us\\\/wp-content\\\/uploads\\\/2023\\\/09\\\/original-1-120.jpg\",\"inLanguage\":\"es\"},{\"@type\":\"WebPage\",\"@id\":\"https:\\\/\\\/punta-cana.us\\\/es\\\/la-relacion-entre-la-republica-dominicana-y-haiti\\\/\",\"url\":\"https:\\\/\\\/punta-cana.us\\\/es\\\/la-relacion-entre-la-republica-dominicana-y-haiti\\\/\",\"name\":\"La relaci\u00f3n entre la Rep\u00fablica Dominicana y Hait\u00ed | Trust Realty\",\"isPartOf\":{\"@id\":\"https:\\\/\\\/punta-cana.us\\\/es\\\/#website\"},\"primaryImageOfPage\":{\"@id\":\"https:\\\/\\\/punta-cana.us\\\/es\\\/la-relacion-entre-la-republica-dominicana-y-haiti\\\/#primaryimage\"},\"image\":{\"@id\":\"https:\\\/\\\/punta-cana.us\\\/es\\\/la-relacion-entre-la-republica-dominicana-y-haiti\\\/#primaryimage\"},\"thumbnailUrl\":\"https:\\\/\\\/punta-cana.us\\\/wp-content\\\/uploads\\\/2023\\\/09\\\/original-1-120.jpg\",\"datePublished\":\"2023-09-05T17:28:39+00:00\",\"dateModified\":\"2023-10-02T23:50:25+00:00\",\"description\":\"La relaci\u00f3n entre la Rep\u00fablica Dominicana y Hait\u00ed abarca historia, pol\u00edtica y cultura, desmitificando la idea de discriminaci\u00f3n hacia haitianos.\",\"breadcrumb\":{\"@id\":\"https:\\\/\\\/punta-cana.us\\\/es\\\/la-relacion-entre-la-republica-dominicana-y-haiti\\\/#breadcrumb\"},\"inLanguage\":\"es\",\"potentialAction\":[{\"@type\":\"ReadAction\",\"target\":[\"https:\\\/\\\/punta-cana.us\\\/es\\\/la-relacion-entre-la-republica-dominicana-y-haiti\\\/\"]}]},{\"@type\":\"ImageObject\",\"inLanguage\":\"es\",\"@id\":\"https:\\\/\\\/punta-cana.us\\\/es\\\/la-relacion-entre-la-republica-dominicana-y-haiti\\\/#primaryimage\",\"url\":\"https:\\\/\\\/punta-cana.us\\\/wp-content\\\/uploads\\\/2023\\\/09\\\/original-1-120.jpg\",\"contentUrl\":\"https:\\\/\\\/punta-cana.us\\\/wp-content\\\/uploads\\\/2023\\\/09\\\/original-1-120.jpg\"},{\"@type\":\"BreadcrumbList\",\"@id\":\"https:\\\/\\\/punta-cana.us\\\/es\\\/la-relacion-entre-la-republica-dominicana-y-haiti\\\/#breadcrumb\",\"itemListElement\":[{\"@type\":\"ListItem\",\"position\":1,\"name\":\"Home\",\"item\":\"https:\\\/\\\/punta-cana.us\\\/es\\\/\"},{\"@type\":\"ListItem\",\"position\":2,\"name\":\"La relaci\u00f3n entre la Rep\u00fablica Dominicana y Hait\u00ed\"}]},{\"@type\":\"WebSite\",\"@id\":\"https:\\\/\\\/punta-cana.us\\\/es\\\/#website\",\"url\":\"https:\\\/\\\/punta-cana.us\\\/es\\\/\",\"name\":\"Trust Realty\",\"description\":\"Punta Cana Real Estate\",\"publisher\":{\"@id\":\"https:\\\/\\\/punta-cana.us\\\/es\\\/#organization\"},\"potentialAction\":[{\"@type\":\"SearchAction\",\"target\":{\"@type\":\"EntryPoint\",\"urlTemplate\":\"https:\\\/\\\/punta-cana.us\\\/es\\\/?s={search_term_string}\"},\"query-input\":{\"@type\":\"PropertyValueSpecification\",\"valueRequired\":true,\"valueName\":\"search_term_string\"}}],\"inLanguage\":\"es\"},{\"@type\":\"Organization\",\"@id\":\"https:\\\/\\\/punta-cana.us\\\/es\\\/#organization\",\"name\":\"Trust Realty\",\"url\":\"https:\\\/\\\/punta-cana.us\\\/es\\\/\",\"logo\":{\"@type\":\"ImageObject\",\"inLanguage\":\"es\",\"@id\":\"https:\\\/\\\/punta-cana.us\\\/es\\\/#\\\/schema\\\/logo\\\/image\\\/\",\"url\":\"https:\\\/\\\/punta-cana.us\\\/wp-content\\\/uploads\\\/2023\\\/09\\\/ttt-mobile-dr.png\",\"contentUrl\":\"https:\\\/\\\/punta-cana.us\\\/wp-content\\\/uploads\\\/2023\\\/09\\\/ttt-mobile-dr.png\",\"width\":875,\"height\":193,\"caption\":\"Trust Realty\"},\"image\":{\"@id\":\"https:\\\/\\\/punta-cana.us\\\/es\\\/#\\\/schema\\\/logo\\\/image\\\/\"}},{\"@type\":\"Person\",\"@id\":\"https:\\\/\\\/punta-cana.us\\\/es\\\/#\\\/schema\\\/person\\\/55718cfda4cab3529df89a91298377d3\",\"name\":\"Andy Schlenker\",\"image\":{\"@type\":\"ImageObject\",\"inLanguage\":\"es\",\"@id\":\"https:\\\/\\\/secure.gravatar.com\\\/avatar\\\/643a60f3e8293d6db3f4edc72f85d96884bed78a5f1ef7062fbde321d4effaac?s=96&d=mm&r=g\",\"url\":\"https:\\\/\\\/secure.gravatar.com\\\/avatar\\\/643a60f3e8293d6db3f4edc72f85d96884bed78a5f1ef7062fbde321d4effaac?s=96&d=mm&r=g\",\"contentUrl\":\"https:\\\/\\\/secure.gravatar.com\\\/avatar\\\/643a60f3e8293d6db3f4edc72f85d96884bed78a5f1ef7062fbde321d4effaac?s=96&d=mm&r=g\",\"caption\":\"Andy Schlenker\"},\"sameAs\":[\"https:\\\/\\\/punta-cana.us\"],\"url\":\"https:\\\/\\\/punta-cana.us\\\/es\\\/author\\\/andy089\\\/\"}]}<\/script>\n<!-- \/ Yoast SEO plugin. -->","yoast_head_json":{"title":"La relaci\u00f3n entre la Rep\u00fablica Dominicana y Hait\u00ed | Trust Realty","description":"La relaci\u00f3n entre la Rep\u00fablica Dominicana y Hait\u00ed abarca historia, pol\u00edtica y cultura, desmitificando la idea de discriminaci\u00f3n hacia haitianos.","robots":{"index":"index","follow":"follow","max-snippet":"max-snippet:-1","max-image-preview":"max-image-preview:large","max-video-preview":"max-video-preview:-1"},"canonical":"https:\/\/punta-cana.us\/es\/la-relacion-entre-la-republica-dominicana-y-haiti\/","og_locale":"es_ES","og_type":"article","og_title":"La relaci\u00f3n entre la Rep\u00fablica Dominicana y Hait\u00ed: Claves y realidades","og_description":"Analiza la compleja relaci\u00f3n entre la Rep\u00fablica Dominicana y Hait\u00ed.","og_url":"https:\/\/punta-cana.us\/es\/la-relacion-entre-la-republica-dominicana-y-haiti\/","og_site_name":"Trust Realty","article_published_time":"2023-09-05T17:28:39+00:00","article_modified_time":"2023-10-02T23:50:25+00:00","og_image":[{"width":308,"height":166,"url":"https:\/\/punta-cana.us\/wp-content\/uploads\/2023\/09\/original-1-120.jpg","type":"image\/jpeg"}],"author":"Andy Schlenker","twitter_card":"summary_large_image","twitter_title":"La relaci\u00f3n entre la Rep\u00fablica Dominicana y Hait\u00ed: Claves y realidades","twitter_description":"Analiza la compleja relaci\u00f3n entre la Rep\u00fablica Dominicana y Hait\u00ed.","twitter_misc":{"Escrito por":"Andy Schlenker","Tiempo de lectura":"3 minutos"},"schema":{"@context":"https:\/\/schema.org","@graph":[{"@type":"Article","@id":"https:\/\/punta-cana.us\/es\/la-relacion-entre-la-republica-dominicana-y-haiti\/#article","isPartOf":{"@id":"https:\/\/punta-cana.us\/es\/la-relacion-entre-la-republica-dominicana-y-haiti\/"},"author":{"name":"Andy Schlenker","@id":"https:\/\/punta-cana.us\/es\/#\/schema\/person\/55718cfda4cab3529df89a91298377d3"},"headline":"La relaci\u00f3n entre la Rep\u00fablica Dominicana y Hait\u00ed","datePublished":"2023-09-05T17:28:39+00:00","dateModified":"2023-10-02T23:50:25+00:00","mainEntityOfPage":{"@id":"https:\/\/punta-cana.us\/es\/la-relacion-entre-la-republica-dominicana-y-haiti\/"},"wordCount":638,"publisher":{"@id":"https:\/\/punta-cana.us\/es\/#organization"},"image":{"@id":"https:\/\/punta-cana.us\/es\/la-relacion-entre-la-republica-dominicana-y-haiti\/#primaryimage"},"thumbnailUrl":"https:\/\/punta-cana.us\/wp-content\/uploads\/2023\/09\/original-1-120.jpg","inLanguage":"es"},{"@type":"WebPage","@id":"https:\/\/punta-cana.us\/es\/la-relacion-entre-la-republica-dominicana-y-haiti\/","url":"https:\/\/punta-cana.us\/es\/la-relacion-entre-la-republica-dominicana-y-haiti\/","name":"La relaci\u00f3n entre la Rep\u00fablica Dominicana y Hait\u00ed | Trust Realty","isPartOf":{"@id":"https:\/\/punta-cana.us\/es\/#website"},"primaryImageOfPage":{"@id":"https:\/\/punta-cana.us\/es\/la-relacion-entre-la-republica-dominicana-y-haiti\/#primaryimage"},"image":{"@id":"https:\/\/punta-cana.us\/es\/la-relacion-entre-la-republica-dominicana-y-haiti\/#primaryimage"},"thumbnailUrl":"https:\/\/punta-cana.us\/wp-content\/uploads\/2023\/09\/original-1-120.jpg","datePublished":"2023-09-05T17:28:39+00:00","dateModified":"2023-10-02T23:50:25+00:00","description":"La relaci\u00f3n entre la Rep\u00fablica Dominicana y Hait\u00ed abarca historia, pol\u00edtica y cultura, desmitificando la idea de discriminaci\u00f3n hacia haitianos.","breadcrumb":{"@id":"https:\/\/punta-cana.us\/es\/la-relacion-entre-la-republica-dominicana-y-haiti\/#breadcrumb"},"inLanguage":"es","potentialAction":[{"@type":"ReadAction","target":["https:\/\/punta-cana.us\/es\/la-relacion-entre-la-republica-dominicana-y-haiti\/"]}]},{"@type":"ImageObject","inLanguage":"es","@id":"https:\/\/punta-cana.us\/es\/la-relacion-entre-la-republica-dominicana-y-haiti\/#primaryimage","url":"https:\/\/punta-cana.us\/wp-content\/uploads\/2023\/09\/original-1-120.jpg","contentUrl":"https:\/\/punta-cana.us\/wp-content\/uploads\/2023\/09\/original-1-120.jpg"},{"@type":"BreadcrumbList","@id":"https:\/\/punta-cana.us\/es\/la-relacion-entre-la-republica-dominicana-y-haiti\/#breadcrumb","itemListElement":[{"@type":"ListItem","position":1,"name":"Home","item":"https:\/\/punta-cana.us\/es\/"},{"@type":"ListItem","position":2,"name":"La relaci\u00f3n entre la Rep\u00fablica Dominicana y Hait\u00ed"}]},{"@type":"WebSite","@id":"https:\/\/punta-cana.us\/es\/#website","url":"https:\/\/punta-cana.us\/es\/","name":"Trust Realty","description":"Punta Cana Real Estate","publisher":{"@id":"https:\/\/punta-cana.us\/es\/#organization"},"potentialAction":[{"@type":"SearchAction","target":{"@type":"EntryPoint","urlTemplate":"https:\/\/punta-cana.us\/es\/?s={search_term_string}"},"query-input":{"@type":"PropertyValueSpecification","valueRequired":true,"valueName":"search_term_string"}}],"inLanguage":"es"},{"@type":"Organization","@id":"https:\/\/punta-cana.us\/es\/#organization","name":"Trust Realty","url":"https:\/\/punta-cana.us\/es\/","logo":{"@type":"ImageObject","inLanguage":"es","@id":"https:\/\/punta-cana.us\/es\/#\/schema\/logo\/image\/","url":"https:\/\/punta-cana.us\/wp-content\/uploads\/2023\/09\/ttt-mobile-dr.png","contentUrl":"https:\/\/punta-cana.us\/wp-content\/uploads\/2023\/09\/ttt-mobile-dr.png","width":875,"height":193,"caption":"Trust Realty"},"image":{"@id":"https:\/\/punta-cana.us\/es\/#\/schema\/logo\/image\/"}},{"@type":"Person","@id":"https:\/\/punta-cana.us\/es\/#\/schema\/person\/55718cfda4cab3529df89a91298377d3","name":"Andy Schlenker","image":{"@type":"ImageObject","inLanguage":"es","@id":"https:\/\/secure.gravatar.com\/avatar\/643a60f3e8293d6db3f4edc72f85d96884bed78a5f1ef7062fbde321d4effaac?s=96&d=mm&r=g","url":"https:\/\/secure.gravatar.com\/avatar\/643a60f3e8293d6db3f4edc72f85d96884bed78a5f1ef7062fbde321d4effaac?s=96&d=mm&r=g","contentUrl":"https:\/\/secure.gravatar.com\/avatar\/643a60f3e8293d6db3f4edc72f85d96884bed78a5f1ef7062fbde321d4effaac?s=96&d=mm&r=g","caption":"Andy Schlenker"},"sameAs":["https:\/\/punta-cana.us"],"url":"https:\/\/punta-cana.us\/es\/author\/andy089\/"}]}},"_links":{"self":[{"href":"https:\/\/punta-cana.us\/es\/wp-json\/wp\/v2\/posts\/25006","targetHints":{"allow":["GET"]}}],"collection":[{"href":"https:\/\/punta-cana.us\/es\/wp-json\/wp\/v2\/posts"}],"about":[{"href":"https:\/\/punta-cana.us\/es\/wp-json\/wp\/v2\/types\/post"}],"author":[{"embeddable":true,"href":"https:\/\/punta-cana.us\/es\/wp-json\/wp\/v2\/users\/1"}],"replies":[{"embeddable":true,"href":"https:\/\/punta-cana.us\/es\/wp-json\/wp\/v2\/comments?post=25006"}],"version-history":[{"count":1,"href":"https:\/\/punta-cana.us\/es\/wp-json\/wp\/v2\/posts\/25006\/revisions"}],"predecessor-version":[{"id":25910,"href":"https:\/\/punta-cana.us\/es\/wp-json\/wp\/v2\/posts\/25006\/revisions\/25910"}],"wp:attachment":[{"href":"https:\/\/punta-cana.us\/es\/wp-json\/wp\/v2\/media?parent=25006"}],"wp:term":[{"taxonomy":"category","embeddable":true,"href":"https:\/\/punta-cana.us\/es\/wp-json\/wp\/v2\/categories?post=25006"},{"taxonomy":"post_tag","embeddable":true,"href":"https:\/\/punta-cana.us\/es\/wp-json\/wp\/v2\/tags?post=25006"}],"curies":[{"name":"wp","href":"https:\/\/api.w.org\/{rel}","templated":true}]}}